{"id":1239,"date":"2021-05-04T13:06:45","date_gmt":"2021-05-04T13:06:45","guid":{"rendered":"https:\/\/www.bodyplaza.lu\/fr\/?p=1239"},"modified":"2021-09-11T18:38:42","modified_gmt":"2021-09-11T18:38:42","slug":"essys-beauty","status":"publish","type":"post","link":"https:\/\/www.bodyplaza.lu\/fr\/essys-beauty\/","title":{"rendered":"Essy&#8217;s Schoonheid"},"content":{"rendered":"\t\t<div data-elementor-type=\"wp-post\" data-elementor-id=\"1239\" class=\"elementor elementor-1239\" data-elementor-post-type=\"post\">\n\t\t\t\t\t\t<section class=\"elementor-section elementor-top-section elementor-element elementor-element-d58bca7 elementor-section-height-min-height sf-top elementor-section-boxed elementor-section-height-default elementor-section-items-middle\" data-id=\"d58bca7\" data-element_type=\"section\" data-e-type=\"section\" data-settings=\"{&quot;background_background&quot;:&quot;classic&quot;,&quot;shape_divider_bottom&quot;:&quot;waves&quot;}\">\n\t\t\t\t\t<div class=\"elementor-shape elementor-shape-bottom\" aria-hidden=\"true\" data-negative=\"false\">\n\t\t\t<svg xmlns=\"http:\/\/www.w3.org\/2000\/svg\" viewBox=\"0 0 1000 100\" preserveAspectRatio=\"none\">\n\t<path class=\"elementor-shape-fill\" d=\"M421.9,6.5c22.6-2.5,51.5,0.4,75.5,5.3c23.6,4.9,70.9,23.5,100.5,35.7c75.8,32.2,133.7,44.5,192.6,49.7\n\tc23.6,2.1,48.7,3.5,103.4-2.5c54.7-6,106.2-25.6,106.2-25.6V0H0v30.3c0,0,72,32.6,158.4,30.5c39.2-0.7,92.8-6.7,134-22.4\n\tc21.2-8.1,52.2-18.2,79.7-24.2C399.3,7.9,411.6,7.5,421.9,6.5z\"\/>\n<\/svg>\t\t<\/div>\n\t\t\t\t\t<div class=\"elementor-container elementor-column-gap-default\">\n\t\t\t\t\t<div class=\"elementor-column elementor-col-100 elementor-top-column elementor-element elementor-element-e0bd865\" data-id=\"e0bd865\" data-element_type=\"column\" data-e-type=\"column\">\n\t\t\t<div class=\"elementor-widget-wrap elementor-element-populated\">\n\t\t\t\t\t\t<div class=\"elementor-element elementor-element-48b12cf elementor-widget elementor-widget-heading\" data-id=\"48b12cf\" data-element_type=\"widget\" data-e-type=\"widget\" data-widget_type=\"heading.default\">\n\t\t\t\t<div class=\"elementor-widget-container\">\n\t\t\t\t\t<h1 class=\"elementor-heading-title elementor-size-default\">Essy&#8217;s Schoonheid<\/h1>\t\t\t\t<\/div>\n\t\t\t\t<\/div>\n\t\t\t\t\t<\/div>\n\t\t<\/div>\n\t\t\t\t\t<\/div>\n\t\t<\/section>\n\t\t\t\t<section class=\"elementor-section elementor-top-section elementor-element elementor-element-6bd606b elementor-section-boxed elementor-section-height-default elementor-section-height-default\" data-id=\"6bd606b\" data-element_type=\"section\" data-e-type=\"section\">\n\t\t\t\t\t\t<div class=\"elementor-container elementor-column-gap-default\">\n\t\t\t\t\t<div class=\"elementor-column elementor-col-66 elementor-top-column elementor-element elementor-element-9a9a32e\" data-id=\"9a9a32e\" data-element_type=\"column\" data-e-type=\"column\">\n\t\t\t<div class=\"elementor-widget-wrap elementor-element-populated\">\n\t\t\t\t\t\t<div class=\"elementor-element elementor-element-3432a69 elementor-widget elementor-widget-text-editor\" data-id=\"3432a69\" data-element_type=\"widget\" data-e-type=\"widget\" data-widget_type=\"text-editor.default\">\n\t\t\t\t<div class=\"elementor-widget-container\">\n\t\t\t\t\t\t\t\t\t<h1 style=\"font-family: Montserrat, sans-serif; color: #666666;\">Body Plaza Europe a le plaisir de vous pr\u00e9senter ce salon:<\/h1>\n<div>\n<div>\n<h2>Essy&#8217;s Schoonheid<\/h2>\n<\/div>\n<\/div>\n<div style=\"margin: 0px; padding: 0px; border: 0px; outline: 0px; font-size: 14px; text-size-adjust: 100%; vertical-align: baseline; background-image: initial; background-position: 50% center; background-size: cover; background-repeat: no-repeat; background-attachment: initial; background-origin: initial; background-clip: initial; overflow-wrap: break-word; animation-timing-function: linear; animation-duration: 0.2s; color: #636363; font-family: Arial, Helvetica, Arial, Lucida, sans-serif;\">\n<div style=\"margin: 0px; padding: 0px; border: 0px; outline: 0px; text-size-adjust: 100%; vertical-align: baseline; background: transparent; position: relative;\">\n<h5 style=\"margin: 0px; padding: 0px 0px 10px; border: 0px; outline: 0px; text-size-adjust: 100%; vertical-align: baseline; background: transparent; font-weight: bold; font-size: 20px !important; color: #265aa6 !important; line-height: 1.1em !important; font-family: Arial !important;\"><span style=\"margin: 0px; padding: 0px; border: 0px; outline: 0px; font-size: 14px; text-size-adjust: 100%; vertical-align: baseline; background: transparent; color: #636363; font-family: Arial, Helvetica, Arial, Lucida, sans-serif; font-weight: 500;\"><span style=\"margin: 0px; padding: 0px; border: 0px; outline: 0px; text-size-adjust: 100%; vertical-align: inherit; background: transparent;\"><span style=\"margin: 0px; padding: 0px; border: 0px; outline: 0px; text-size-adjust: 100%; vertical-align: inherit; background: transparent;\">Essy&#8217;s Beauty est le salon de beaut\u00e9 de Steensel dirig\u00e9 par Esther Maas. L&#8217;espace de son salon est d\u00e9cor\u00e9 sur le th\u00e8me de la nature, des animaux et de la tranquillit\u00e9 des paysages.<\/span><\/span><\/span><\/h5>\n<h5 style=\"margin: 0px; padding: 0px 0px 10px; border: 0px; outline: 0px; text-size-adjust: 100%; vertical-align: baseline; background: transparent; font-weight: bold; font-size: 20px !important; color: #265aa6 !important; line-height: 1.1em !important; font-family: Arial !important;\"><span style=\"margin: 0px; padding: 0px; border: 0px; outline: 0px; font-size: 14px; text-size-adjust: 100%; vertical-align: baseline; background: transparent; color: #636363; font-family: Arial, Helvetica, Arial, Lucida, sans-serif; font-weight: 500;\"><span style=\"margin: 0px; padding: 0px; border: 0px; outline: 0px; text-size-adjust: 100%; vertical-align: inherit; background: transparent;\"><span style=\"margin: 0px; padding: 0px; border: 0px; outline: 0px; text-size-adjust: 100%; vertical-align: inherit; background: transparent;\">C&#8217;est l&#8217;environnement id\u00e9al pour qu&#8217;elle puisse r\u00e9aliser elle-m\u00eame les\nnombreux traitements modernes. Elle a d\u00e9velopp\u00e9 sa propre vision et ses propres\nth\u00e9ories de la beaut\u00e9 et des traitements. Le point de d\u00e9part est l&#8217;acceptation\nde son propre corps et la force du corps \u00e0 se maintenir en bonne sant\u00e9.\n&#8220;Vous \u00eates belle lorsque vous \u00eates heureuse avec vous-m\u00eame, m\u00eame si ce\nn&#8217;est pas parfait. Les soins de beaut\u00e9 ne sont pas faits pour quelqu&#8217;un\nd&#8217;autre, mais pour soi-m\u00eame. C&#8217;est aussi un moment agr\u00e9able pour soi et c&#8217;est\ntout aussi important.\u201d<\/span><\/span><\/span><\/h5>\n<\/div>\n<\/div>\t\t\t\t\t\t\t\t<\/div>\n\t\t\t\t<\/div>\n\t\t\t\t\t<\/div>\n\t\t<\/div>\n\t\t\t\t<div class=\"elementor-column elementor-col-33 elementor-top-column elementor-element elementor-element-948a0f1\" data-id=\"948a0f1\" data-element_type=\"column\" data-e-type=\"column\">\n\t\t\t<div class=\"elementor-widget-wrap elementor-element-populated\">\n\t\t\t\t\t\t<div class=\"elementor-element elementor-element-600cbed elementor-widget elementor-widget-image\" data-id=\"600cbed\" data-element_type=\"widget\" data-e-type=\"widget\" data-widget_type=\"image.default\">\n\t\t\t\t<div class=\"elementor-widget-container\">\n\t\t\t\t\t\t\t\t\t\t\t\t\t\t\t<img fetchpriority=\"high\" decoding=\"async\" width=\"800\" height=\"531\" src=\"https:\/\/www.bodyplaza.lu\/fr\/wp-content\/uploads\/2021\/05\/DSC_0301.jpg\" class=\"attachment-large size-large wp-image-1250\" alt=\"\" srcset=\"https:\/\/www.bodyplaza.lu\/fr\/wp-content\/uploads\/2021\/05\/DSC_0301.jpg 800w, https:\/\/www.bodyplaza.lu\/fr\/wp-content\/uploads\/2021\/05\/DSC_0301-300x199.jpg 300w, https:\/\/www.bodyplaza.lu\/fr\/wp-content\/uploads\/2021\/05\/DSC_0301-768x510.jpg 768w\" sizes=\"(max-width: 800px) 100vw, 800px\" \/>\t\t\t\t\t\t\t\t\t\t\t\t\t\t\t<\/div>\n\t\t\t\t<\/div>\n\t\t\t\t\t<\/div>\n\t\t<\/div>\n\t\t\t\t\t<\/div>\n\t\t<\/section>\n\t\t\t\t<section class=\"elementor-section elementor-top-section elementor-element elementor-element-4e84f12 elementor-section-boxed elementor-section-height-default elementor-section-height-default\" data-id=\"4e84f12\" data-element_type=\"section\" data-e-type=\"section\" data-settings=\"{&quot;background_background&quot;:&quot;classic&quot;}\">\n\t\t\t\t\t\t<div class=\"elementor-container elementor-column-gap-default\">\n\t\t\t\t\t<div class=\"elementor-column elementor-col-33 elementor-top-column elementor-element elementor-element-5441e00\" data-id=\"5441e00\" data-element_type=\"column\" data-e-type=\"column\">\n\t\t\t<div class=\"elementor-widget-wrap elementor-element-populated\">\n\t\t\t\t\t\t<div class=\"elementor-element elementor-element-4714774 elementor-widget elementor-widget-video\" data-id=\"4714774\" data-element_type=\"widget\" data-e-type=\"widget\" data-settings=\"{&quot;youtube_url&quot;:&quot;https:\\\/\\\/youtu.be\\\/HfJe-xIObTA&quot;,&quot;video_type&quot;:&quot;youtube&quot;,&quot;controls&quot;:&quot;yes&quot;}\" data-widget_type=\"video.default\">\n\t\t\t\t<div class=\"elementor-widget-container\">\n\t\t\t\t\t\t\t<div class=\"elementor-wrapper elementor-open-inline\">\n\t\t\t<div class=\"elementor-video\"><\/div>\t\t<\/div>\n\t\t\t\t\t\t<\/div>\n\t\t\t\t<\/div>\n\t\t\t\t\t<\/div>\n\t\t<\/div>\n\t\t\t\t<div class=\"elementor-column elementor-col-66 elementor-top-column elementor-element elementor-element-b5123bf\" data-id=\"b5123bf\" data-element_type=\"column\" data-e-type=\"column\">\n\t\t\t<div class=\"elementor-widget-wrap elementor-element-populated\">\n\t\t\t\t\t\t<div class=\"elementor-element elementor-element-5204af4 elementor-widget elementor-widget-text-editor\" data-id=\"5204af4\" data-element_type=\"widget\" data-e-type=\"widget\" data-widget_type=\"text-editor.default\">\n\t\t\t\t<div class=\"elementor-widget-container\">\n\t\t\t\t\t\t\t\t\t<h2><strong>Le Salon<br \/><\/strong><\/h2><p><span style=\"color: var( --e-global-color-text ); font-family: var( --e-global-typography-text-font-family ), Sans-serif; font-size: var( --e-global-typography-text-font-size ); font-weight: var( --e-global-typography-text-font-weight );\">Le salon de beaut\u00e9 Essy&#8217;s Schoonheid \u00e0 Steensel est un salon moderne o\u00f9 l&#8217;attention personnelle est au c\u0153ur des traitements. Esther Maas a test\u00e9 et recherch\u00e9 tous les traitements qu&#8217;elle propose dans son salon pour s&#8217;assurer de leur efficacit\u00e9 et de leur s\u00e9curit\u00e9.<\/span><\/p><p><span style=\"color: var( --e-global-color-text ); font-family: var( --e-global-typography-text-font-family ), Sans-serif; font-size: var( --e-global-typography-text-font-size ); font-weight: var( --e-global-typography-text-font-weight );\">Essy&#8217;s Beauty repr\u00e9sente Esther qui est toujours appel\u00e9e Essy. Le salon est situ\u00e9 dans le Lange Reen \u00e0 Steensel, dans un quartier r\u00e9sidentiel tr\u00e8s normal. Elle a fait construire une d\u00e9pendance \u00e0 c\u00f4t\u00e9 de sa maison pour le salon. De la place de parking priv\u00e9e situ\u00e9e devant le salon, on a une vue sur les terres agricoles et les animaux. Esther a r\u00e9ussi \u00e0 capturer cette atmosph\u00e8re dans son salon en d\u00e9corant l&#8217;int\u00e9rieur avec des \u00e9l\u00e9ments ruraux. Les visiteurs sont accueillis par Esther elle-m\u00eame avec du caf\u00e9 ou du th\u00e9.<\/span><\/p><p>Outre le mobilier rural en bois, en corde et les nombreuses fleurs, on remarque imm\u00e9diatement que le salon ne dispose que d&#8217;un seul fauteuil de soins. Apr\u00e8s tout, Esther est une ind\u00e9pendante et n&#8217;a d\u00e9lib\u00e9r\u00e9ment pas d&#8217;employ\u00e9s. &#8220;Les clients viennent pour moi et ont confiance en ma fa\u00e7on de travailler&#8221;.<\/p>\t\t\t\t\t\t\t\t<\/div>\n\t\t\t\t<\/div>\n\t\t\t\t\t<\/div>\n\t\t<\/div>\n\t\t\t\t\t<\/div>\n\t\t<\/section>\n\t\t\t\t<section class=\"elementor-section elementor-top-section elementor-element elementor-element-cd0a25b elementor-section-content-middle elementor-section-boxed elementor-section-height-default elementor-section-height-default\" data-id=\"cd0a25b\" data-element_type=\"section\" data-e-type=\"section\">\n\t\t\t\t\t\t<div class=\"elementor-container elementor-column-gap-default\">\n\t\t\t\t\t<div class=\"elementor-column elementor-col-66 elementor-top-column elementor-element elementor-element-3590b7f\" data-id=\"3590b7f\" data-element_type=\"column\" data-e-type=\"column\">\n\t\t\t<div class=\"elementor-widget-wrap elementor-element-populated\">\n\t\t\t\t\t\t<div class=\"elementor-element elementor-element-1188864 elementor-widget elementor-widget-text-editor\" data-id=\"1188864\" data-element_type=\"widget\" data-e-type=\"widget\" data-widget_type=\"text-editor.default\">\n\t\t\t\t<div class=\"elementor-widget-container\">\n\t\t\t\t\t\t\t\t\t<h1 style=\"font-family: Montserrat, sans-serif; color: #666666;\">Esther Maas<\/h1><p><strong>Elle a commenc\u00e9 par un salon mobile pour le blanchiment des dents<br \/><\/strong><\/p><p>Esther Maas a obtenu son dipl\u00f4me d&#8217;esth\u00e9ticienne \u00e0 un jeune \u00e2ge, mais elle a d&#8217;abord choisi de travailler dans le secteur de l&#8217;h\u00f4tellerie pendant dix-sept ans. Entreprenante et \u00e9nergique comme elle l&#8217;est, elle a d\u00e9cid\u00e9 de cr\u00e9er son propre salon mobile de blanchiment des dents il y a dix ans. Le blanchiment est toujours l&#8217;un de ses principaux traitements. &#8220;Mais je le fais avec des produits qui n&#8217;affectent pas les dents et les muqueuses de la bouche. Je ne blanchis pas avec du peroxyde d&#8217;hydrog\u00e8ne. J&#8217;utilise les rem\u00e8des naturels de la marque Oolaboo.\u201d<\/p><p><strong>Salon et centre de formation<br \/><\/strong><\/p><p>De plus en plus convaincue de vouloir proposer davantage de soins de beaut\u00e9, elle a d\u00e9cid\u00e9 en 2017 de faire construire un salon \u00e0 c\u00f4t\u00e9 de sa maison. \u00c0 cette \u00e9poque, elle avait d\u00e9j\u00e0 ses propres th\u00e9ories sur les soins de beaut\u00e9, bas\u00e9es sur ses propres exp\u00e9riences et recherches. En outre, elle voyait de jeunes esth\u00e9ticiennes issues de la formation qui avaient l&#8217;ambition de cr\u00e9er leur propre salon. &#8220;Mais on n&#8217;apprend vraiment le m\u00e9tier que dans la pratique, aupr\u00e8s de sp\u00e9cialistes et de salons exp\u00e9riment\u00e9s. C&#8217;est pourquoi j&#8217;aide les jeunes filles \u00e0 cr\u00e9er un salon. J&#8217;ai d\u00e9j\u00e0 consign\u00e9 mes connaissances dans des livres de formation et d\u00e9velopp\u00e9 des cours. En fait, je suis aussi un centre de formation. Les \u00e9l\u00e8ves viennent de tous les Pays-Bas, mais j&#8217;ai aussi aid\u00e9 quelqu&#8217;un \u00e0 ouvrir un salon en Afrique du Sud, en Bulgarie, en Am\u00e9rique du Sud et au Maroc.<\/p>\t\t\t\t\t\t\t\t<\/div>\n\t\t\t\t<\/div>\n\t\t\t\t\t<\/div>\n\t\t<\/div>\n\t\t\t\t<div class=\"elementor-column elementor-col-33 elementor-top-column elementor-element elementor-element-3301ce0\" data-id=\"3301ce0\" data-element_type=\"column\" data-e-type=\"column\">\n\t\t\t<div class=\"elementor-widget-wrap elementor-element-populated\">\n\t\t\t\t\t\t<div class=\"elementor-element elementor-element-4a6bba9 elementor-widget elementor-widget-image\" data-id=\"4a6bba9\" data-element_type=\"widget\" data-e-type=\"widget\" data-widget_type=\"image.default\">\n\t\t\t\t<div class=\"elementor-widget-container\">\n\t\t\t\t\t\t\t\t\t\t\t\t\t\t\t<img decoding=\"async\" width=\"800\" height=\"531\" src=\"https:\/\/www.bodyplaza.lu\/fr\/wp-content\/uploads\/2021\/05\/DSC_0291.jpg\" class=\"attachment-large size-large wp-image-1249\" alt=\"\" srcset=\"https:\/\/www.bodyplaza.lu\/fr\/wp-content\/uploads\/2021\/05\/DSC_0291.jpg 800w, https:\/\/www.bodyplaza.lu\/fr\/wp-content\/uploads\/2021\/05\/DSC_0291-300x199.jpg 300w, https:\/\/www.bodyplaza.lu\/fr\/wp-content\/uploads\/2021\/05\/DSC_0291-768x510.jpg 768w\" sizes=\"(max-width: 800px) 100vw, 800px\" \/>\t\t\t\t\t\t\t\t\t\t\t\t\t\t\t<\/div>\n\t\t\t\t<\/div>\n\t\t\t\t\t<\/div>\n\t\t<\/div>\n\t\t\t\t\t<\/div>\n\t\t<\/section>\n\t\t\t\t<section class=\"elementor-section elementor-top-section elementor-element elementor-element-d96b08e elementor-section-boxed elementor-section-height-default elementor-section-height-default\" data-id=\"d96b08e\" data-element_type=\"section\" data-e-type=\"section\">\n\t\t\t\t\t\t<div class=\"elementor-container elementor-column-gap-default\">\n\t\t\t\t\t<div class=\"elementor-column elementor-col-100 elementor-top-column elementor-element elementor-element-cf64154\" data-id=\"cf64154\" data-element_type=\"column\" data-e-type=\"column\">\n\t\t\t<div class=\"elementor-widget-wrap elementor-element-populated\">\n\t\t\t\t\t\t<div class=\"elementor-element elementor-element-415ff38 elementor-widget-divider--view-line elementor-widget elementor-widget-divider\" data-id=\"415ff38\" data-element_type=\"widget\" data-e-type=\"widget\" data-widget_type=\"divider.default\">\n\t\t\t\t<div class=\"elementor-widget-container\">\n\t\t\t\t\t\t\t<div class=\"elementor-divider\">\n\t\t\t<span class=\"elementor-divider-separator\">\n\t\t\t\t\t\t<\/span>\n\t\t<\/div>\n\t\t\t\t\t\t<\/div>\n\t\t\t\t<\/div>\n\t\t\t\t<div class=\"elementor-element elementor-element-53aa0e5 elementor-widget elementor-widget-spacer\" data-id=\"53aa0e5\" data-element_type=\"widget\" data-e-type=\"widget\" data-widget_type=\"spacer.default\">\n\t\t\t\t<div class=\"elementor-widget-container\">\n\t\t\t\t\t\t\t<div class=\"elementor-spacer\">\n\t\t\t<div class=\"elementor-spacer-inner\"><\/div>\n\t\t<\/div>\n\t\t\t\t\t\t<\/div>\n\t\t\t\t<\/div>\n\t\t\t\t\t<\/div>\n\t\t<\/div>\n\t\t\t\t\t<\/div>\n\t\t<\/section>\n\t\t\t\t<section class=\"elementor-section elementor-top-section elementor-element elementor-element-c0624f9 elementor-section-boxed elementor-section-height-default elementor-section-height-default\" data-id=\"c0624f9\" data-element_type=\"section\" data-e-type=\"section\">\n\t\t\t\t\t\t<div class=\"elementor-container elementor-column-gap-default\">\n\t\t\t\t\t<div class=\"elementor-column elementor-col-100 elementor-top-column elementor-element elementor-element-0da2273\" data-id=\"0da2273\" data-element_type=\"column\" data-e-type=\"column\">\n\t\t\t<div class=\"elementor-widget-wrap elementor-element-populated\">\n\t\t\t\t\t\t<div class=\"elementor-element elementor-element-7784925 elementor-widget elementor-widget-text-editor\" data-id=\"7784925\" data-element_type=\"widget\" data-e-type=\"widget\" data-widget_type=\"text-editor.default\">\n\t\t\t\t<div class=\"elementor-widget-container\">\n\t\t\t\t\t\t\t\t\t<h4 class=\"et_pb_module_header\" style=\"text-align: center;\"><a href=\"http:\/\/www.schoonheidssalonveghel.nl\/\" target=\"_blank\" rel=\"noopener\"><span>Contact<\/span><\/a><\/h4><div class=\"et_pb_blurb_description\" style=\"text-align: center;\"><p><span>Essy&#8217;s Beauty |\u00a0Lange Reen 2 |\u00a05524 AJ Steensel |\u00a0Telephone: 06 &#8211; 10677426<\/span><br \/><a href=\"mailto:info@essys.nu\"><span>info@essys.nu<\/span><\/a><span>\u00a0\u00a0|\u00a0<\/span><a href=\"https:\/\/www.essys.nu\/\" target=\"_blank\" rel=\"noopener noreferrer\"><span>www.essys.nu<\/span><\/a><\/p><\/div><div class=\"et_pb_blurb_description\" style=\"text-align: center;\">\u00a0<\/div>\t\t\t\t\t\t\t\t<\/div>\n\t\t\t\t<\/div>\n\t\t\t\t\t<\/div>\n\t\t<\/div>\n\t\t\t\t\t<\/div>\n\t\t<\/section>\n\t\t\t\t<\/div>\n\t\t","protected":false},"excerpt":{"rendered":"<p>Body Plaza Europe a le plaisir de vous pr\u00e9senter ce salon: Essy&#8217;s Schoonheid Essy&#8217;s Beauty est le salon de beaut\u00e9 de Steensel dirig\u00e9 par Esther Maas. L&#8217;espace de son salon est d\u00e9cor\u00e9 sur le th\u00e8me de la nature, des animaux et de la tranquillit\u00e9 des paysages. C&#8217;est l&#8217;environnement id\u00e9al pour qu&#8217;elle puisse r\u00e9aliser elle-m\u00eame les [&hellip;]<\/p>\n","protected":false},"author":1,"featured_media":1250,"comment_status":"closed","ping_status":"open","sticky":false,"template":"","format":"standard","meta":{"footnotes":""},"categories":[34],"tags":[],"class_list":["post-1239","post","type-post","status-publish","format-standard","has-post-thumbnail","hentry","category-journal"],"_links":{"self":[{"href":"https:\/\/www.bodyplaza.lu\/fr\/wp-json\/wp\/v2\/posts\/1239","targetHints":{"allow":["GET"]}}],"collection":[{"href":"https:\/\/www.bodyplaza.lu\/fr\/wp-json\/wp\/v2\/posts"}],"about":[{"href":"https:\/\/www.bodyplaza.lu\/fr\/wp-json\/wp\/v2\/types\/post"}],"author":[{"embeddable":true,"href":"https:\/\/www.bodyplaza.lu\/fr\/wp-json\/wp\/v2\/users\/1"}],"replies":[{"embeddable":true,"href":"https:\/\/www.bodyplaza.lu\/fr\/wp-json\/wp\/v2\/comments?post=1239"}],"version-history":[{"count":42,"href":"https:\/\/www.bodyplaza.lu\/fr\/wp-json\/wp\/v2\/posts\/1239\/revisions"}],"predecessor-version":[{"id":2251,"href":"https:\/\/www.bodyplaza.lu\/fr\/wp-json\/wp\/v2\/posts\/1239\/revisions\/2251"}],"wp:featuredmedia":[{"embeddable":true,"href":"https:\/\/www.bodyplaza.lu\/fr\/wp-json\/wp\/v2\/media\/1250"}],"wp:attachment":[{"href":"https:\/\/www.bodyplaza.lu\/fr\/wp-json\/wp\/v2\/media?parent=1239"}],"wp:term":[{"taxonomy":"category","embeddable":true,"href":"https:\/\/www.bodyplaza.lu\/fr\/wp-json\/wp\/v2\/categories?post=1239"},{"taxonomy":"post_tag","embeddable":true,"href":"https:\/\/www.bodyplaza.lu\/fr\/wp-json\/wp\/v2\/tags?post=1239"}],"curies":[{"name":"wp","href":"https:\/\/api.w.org\/{rel}","templated":true}]}}